{"id":55,"date":"2017-06-27T21:20:27","date_gmt":"2017-06-27T21:20:27","guid":{"rendered":"http:\/\/transition-potsdam.de\/?p=55"},"modified":"2018-03-12T08:28:14","modified_gmt":"2018-03-12T08:28:14","slug":"freigarten-potsdam","status":"publish","type":"post","link":"http:\/\/transition-potsdam.de\/?p=55","title":{"rendered":"freiGarten Potsdam"},"content":{"rendered":"<p><strong>Info:<\/strong>\u00a0Die Idee f\u00fcr den freiGarten entstand zeitgleich mit der Entstehung des freiLands. Denn hier gibt es viel Platz, aber auch viel versiegelte Fl\u00e4che. Der Wunsch nach lebendigen und produktiven R\u00e4umen in unserem urbanen Umfeld hat uns dazu inspiriert, uns im G\u00e4rtnern und Gestalten zu versuchen. Alles nach dem Motto \u201eLearning by doing\u201c. Die M\u00f6glichkeiten zum Mitmachen sind vielf\u00e4ltig: z.B. bestellen Einzelpersonen kleine Gem\u00fcsebeete oder Subbotniks werden ausgerufen und dann kommen auch mal 40 Personen zusammen. \u201ePermablitz\u201c, Workshops und Seminare sollen in Zukunft verst\u00e4rkt stattfinden.<\/p>\n<p>Ziel ist die Gestaltung der Fl\u00e4chen im freiLand je nach Bed\u00fcrfnis entweder als Gr\u00fcnfl\u00e4chen zur Erholung der Sinne mit Zierpflanzen oder auch als Nutzg\u00e4rten mit dem Ziel partieller Selbstversorgung mit Nutzpflanzen in der Stadt \u2013 \u201ccommunity gardening\u201d. Durch das \u201est\u00e4dtisches G\u00e4rtnern\u201c wird der Versuch unternommen, Subsistenz in der Stadt zu probieren.<br \/>\nIm freiLand Potsdam wollen wir unsere Umwelt versch\u00f6nern, \u00f6kologisches Verst\u00e4ndnis vermitteln und gemeinsam g\u00e4rtnern.<\/p>\n<p><strong>Gr\u00f6\u00dfe der Fl\u00e4che:<\/strong> Das freiLand hat 12.000 qm, das Gem\u00fcseg\u00e4rtnern beschr\u00e4nkt sich aber auf einen kleinen Abschnitt, der ca. 300 qm gro\u00df ist.<\/p>\n<p><strong>Beginn des Projekts:<\/strong> ca. 2012<\/p>\n<p><strong>Wie viele Personen machen mit?<\/strong> In der Organisation sitzen zwei Personen, im Garten sind ca. 5 Leute regelm\u00e4\u00dfig aktiv.<\/p>\n<p><strong>Hauptthemen:<\/strong> Urbane Permakultur. Es geht uns um nachhaltige, produktive und vielf\u00e4ltige gr\u00fcne Freiraumgestaltung im urbanen Raum.<\/p>\n<p><strong>Ansprechpartner*innen:<\/strong>\u00a0Lexi Junge, Laura Stabenow<\/p>\n<p><strong>\u00a0Adresse:<\/strong>\u00a0freiGarten im freiLand |\u00a0Friedrich-Engels-Stra\u00dfe 22 | 14473 Potsdam<\/p>\n<p><strong>E-Mail Kontakt:\u00a0<\/strong>urbangardening_freiland@googlegroups.com<\/p>\n<p><strong>Offene Gartenzeit, regelm\u00e4\u00dfige Treffen:<\/strong> \u00a0Ab Fr\u00fchling: freitags von 14 &#8211; 18 Uhr ist immer gemeinsamer Gartentag!<\/p>\n<p><strong>Web:<\/strong>\u00a0<span style=\"color: #000000;\"><a href=\"http:\/\/freigartenpotsdam.org\/\" target=\"_blank\"><span style=\"color: #000000;\">www.freigartenpotsdam.org<\/span><\/a>\u00a0|\u00a0<a title=\"www.facebook.com\/freigartenpotsdam\" href=\"www.facebook.com\/freigartenpotsdam\" target=\"_blank\"><span style=\"color: #000000;\">www.facebook.com\/freigartenpotsdam<\/span><\/a><\/span><\/p>\n<p>[geo_mashup_map]<\/p>\n","protected":false},"excerpt":{"rendered":"<p>Info:\u00a0Die Idee f\u00fcr den freiGarten entstand zeitgleich mit der Entstehung des freiLands. Denn hier gibt es viel Platz, aber auch viel versiegelte Fl\u00e4che. Der Wunsch nach lebendigen und produktiven R\u00e4umen in unserem urbanen Umfeld hat uns dazu inspiriert, uns im G\u00e4rtnern und Gestalten zu versuchen. Alles nach dem Motto \u201eLearning by doing\u201c. Die M\u00f6glichkeiten zum [&hellip;]<\/p>\n","protected":false},"author":1,"featured_media":192,"comment_status":"closed","ping_status":"closed","sticky":false,"template":"","format":"standard","meta":{"footnotes":""},"categories":[3,11],"tags":[19],"class_list":["post-55","post","type-post","status-publish","format-standard","has-post-thumbnail","hentry","category-essen","category-garten","tag-gartennetzwerk-potsdam"],"_links":{"self":[{"href":"http:\/\/transition-potsdam.de\/index.php?rest_route=\/wp\/v2\/posts\/55","targetHints":{"allow":["GET"]}}],"collection":[{"href":"http:\/\/transition-potsdam.de\/index.php?rest_route=\/wp\/v2\/posts"}],"about":[{"href":"http:\/\/transition-potsdam.de\/index.php?rest_route=\/wp\/v2\/types\/post"}],"author":[{"embeddable":true,"href":"http:\/\/transition-potsdam.de\/index.php?rest_route=\/wp\/v2\/users\/1"}],"replies":[{"embeddable":true,"href":"http:\/\/transition-potsdam.de\/index.php?rest_route=%2Fwp%2Fv2%2Fcomments&post=55"}],"version-history":[{"count":10,"href":"http:\/\/transition-potsdam.de\/index.php?rest_route=\/wp\/v2\/posts\/55\/revisions"}],"predecessor-version":[{"id":296,"href":"http:\/\/transition-potsdam.de\/index.php?rest_route=\/wp\/v2\/posts\/55\/revisions\/296"}],"wp:featuredmedia":[{"embeddable":true,"href":"http:\/\/transition-potsdam.de\/index.php?rest_route=\/wp\/v2\/media\/192"}],"wp:attachment":[{"href":"http:\/\/transition-potsdam.de\/index.php?rest_route=%2Fwp%2Fv2%2Fmedia&parent=55"}],"wp:term":[{"taxonomy":"category","embeddable":true,"href":"http:\/\/transition-potsdam.de\/index.php?rest_route=%2Fwp%2Fv2%2Fcategories&post=55"},{"taxonomy":"post_tag","embeddable":true,"href":"http:\/\/transition-potsdam.de\/index.php?rest_route=%2Fwp%2Fv2%2Ftags&post=55"}],"curies":[{"name":"wp","href":"https:\/\/api.w.org\/{rel}","templated":true}]}}