{"id":333,"date":"2018-03-12T08:19:42","date_gmt":"2018-03-12T08:19:42","guid":{"rendered":"http:\/\/transition-potsdam.de\/?p=333"},"modified":"2018-03-12T12:49:02","modified_gmt":"2018-03-12T12:49:02","slug":"nachbarschaftsgarten-an-der-wendeschleife-drewitz","status":"publish","type":"post","link":"http:\/\/transition-potsdam.de\/?p=333","title":{"rendered":"Nachbarschaftsgarten an der Wendeschleife Drewitz"},"content":{"rendered":"<p><a href=\"http:\/\/transition-potsdam.de\/wp-content\/uploads\/2018\/03\/Ero\u0308ffnung_Wendeschleife_2017-Web-\u00a9-sevensmaltry-0231.jpg\"><img loading=\"lazy\" decoding=\"async\" class=\"alignnone size-medium wp-image-339\" alt=\"Ero\u0308ffnung_Wendeschleife_2017 Web (\u00a9 sevensmaltry)-0231\" src=\"http:\/\/transition-potsdam.de\/wp-content\/uploads\/2018\/03\/Ero\u0308ffnung_Wendeschleife_2017-Web-\u00a9-sevensmaltry-0231-300x200.jpg\" width=\"300\" height=\"200\" srcset=\"http:\/\/transition-potsdam.de\/wp-content\/uploads\/2018\/03\/Ero\u0308ffnung_Wendeschleife_2017-Web-\u00a9-sevensmaltry-0231-300x200.jpg 300w, http:\/\/transition-potsdam.de\/wp-content\/uploads\/2018\/03\/Ero\u0308ffnung_Wendeschleife_2017-Web-\u00a9-sevensmaltry-0231-1024x682.jpg 1024w, http:\/\/transition-potsdam.de\/wp-content\/uploads\/2018\/03\/Ero\u0308ffnung_Wendeschleife_2017-Web-\u00a9-sevensmaltry-0231-624x416.jpg 624w, http:\/\/transition-potsdam.de\/wp-content\/uploads\/2018\/03\/Ero\u0308ffnung_Wendeschleife_2017-Web-\u00a9-sevensmaltry-0231.jpg 1200w\" sizes=\"auto, (max-width: 300px) 100vw, 300px\" \/><\/a><\/p>\n<p>Nahe dem Konrad-Wolf-Park, zwischen Drewitz und dem Kirchsteigfeld beginnt ein nachbarschaftlicher Lern- und Begegnungsgarten zu wachsen. Hier soll es ab der Gartensaison 2018 kunterbunte Bildungs- und Mitmachangebote f\u00fcr Gro\u00df und Klein unter freiem Himmel geben. Neben dem gemeinsamen G\u00e4rtnern in Hochbeeten darf auf dem \u00f6ffentlichen Platz auch Kreativit\u00e4t ausgelebt und gemeinsam gefeiert werden.<\/p>\n<p><strong>Bislang geplante Angebote sind:<\/strong><\/p>\n<ul>\n<li>Offene (Fahrrad-)Werkstatt \u2013 Fahrr\u00e4der und Alltagsgegenst\u00e4nde k\u00f6nnen hier repariert werden<\/li>\n<li>Gr\u00fcne K\u00fcche \u2013 Leckeres aus Garten und Natur<\/li>\n<li>Gartenworkshops \u2013g\u00fcnstig und naturvertr\u00e4glich g\u00e4rtnern<\/li>\n<li>Gr\u00fcner Marktplatz \u2013 Flohmarkt, Pflanzenmarkt, Geben und Nehmen Markt<\/li>\n<li>Handwerken, Basteln und Gestalten mit Naturmaterialien<\/li>\n<li>Thematische Veranstaltungen zum nachhaltigen Wirtschaften und Leben<\/li>\n<li>Gr\u00fcnes Klassenzimmer<\/li>\n<\/ul>\n<p>Besonders an diesem Ort ist, dass er als Projekt in die Arbeit von oskar., einem Begegnungszentrum, eingegliedert ist. Veranstaltungsorganisation und \u00d6ffentlichkeitsarbeit des Gartens werden daher von zwei Projektmitarbeiterinnen erledigt.<br \/>\nDies erm\u00f6glicht es auch, alle Angebote kostenlos anzubieten.<\/p>\n<p>Dennoch ist klar: Der Ort lebt von eurer Beteiligung und wir freuen uns dar\u00fcber, Anregungen f\u00fcr vielf\u00e4ltige Projekte zu erhalten!<\/p>\n<p>Projektstart war im Oktober 2017. W\u00e4hrend der Wintermonate finden unsere Angebote in den R\u00e4umen des nahe gelegenen \u201eoskar.\u201c In der Oskar-Me\u00dfter-Str. 4-6 statt. Im Sommer geht es dann endlich nach drau\u00dfen. Wir freuen uns auf unsere Er\u00f6ffnungsfeier am Samstag den 7. April 2018!<\/p>\n<p><strong>Gr\u00f6\u00dfe der Fl\u00e4che:\u00a0<\/strong>ca. 200 qm (mit Aussicht auf Erweiterung bei Bedarf)<\/p>\n<p><strong>Beginn des Projekts:\u00a0<\/strong>Planung ab Oktober 2017, Umsetzung ab M\u00e4rz 2018<\/p>\n<p><strong>wie viele Personen machen mit?\u00a0<\/strong>Bei den bisherigen Angeboten waren in den ersten zwei Monaten \u00fcber 50 Menschen beteiligt, darunter Kooperationspartner wie USE und Drewitzer Kindergruppen.<br \/>\nWir freuen uns \u00fcber Zulauf.<\/p>\n<p><strong>Hauptthemen:<\/strong>\u00a0Umweltbildung, Nachbarschaft, Integration, Kreativit\u00e4t<\/p>\n<p><strong>E-Mail-Kontakt:<\/strong>\u00a0<a href=\"mailto:wendeschleife@oskar-drewitz.de\" target=\"_blank\">wendeschleife@oskar-drewitz.de<\/a><br \/>\n<strong><br \/>\nTelefon:\u00a0<\/strong>0331\/ 2019704 oder drau\u00dfen 0176 32388706<\/p>\n<p><strong>Kontaktperson\/Ansprechpartner:<wbr \/>\u00a0<\/strong>Ursula Bock und Ribana Bergmann<\/p>\n<p><strong>Adresse:\u00a0<\/strong>Wendeschleife \u2013 Nachbarschaftstreff f\u00fcr Klimaschutz in Potsdam Drewitz,<br \/>\n<strong>B\u00fcro:<\/strong>\u00a0Oskar-Me\u00dfter-Str. 4-6, 14480 Potsdam<br \/>\n<strong>Garten:\u00a0<\/strong>Wendeschleife Ecke Slatan-Dudow-Stra\u00dfe \/ Konrad-Wolf-Allee<\/p>\n<p><strong>offene Gartenzeit, regelm\u00e4\u00dfige Treffen:<\/strong>\u00a0noch in Planung<\/p>\n<p><strong>Web:<\/strong>\u00a0<a title=\"www.oskar-drewitz.de\/wendeschleife\" href=\"http:\/\/www.oskar-drewitz.de\/wendeschleife.html\" target=\"_blank\">http:\/\/www.oskar-drewitz.de\/wendeschleife.html<\/a><br \/>\n<a title=\"www.facebook.com\/oskar.begegnungszentrum\" href=\"https:\/\/www.facebook.com\/oskar.begegnungszentrum\/\" target=\"_blank\">https:\/\/www.facebook.com\/<wbr \/>oskar.begegnungszentrum\/<\/a><\/p>\n<p>&nbsp;<\/p>\n<div><\/div>\n","protected":false},"excerpt":{"rendered":"<p>Nahe dem Konrad-Wolf-Park, zwischen Drewitz und dem Kirchsteigfeld beginnt ein nachbarschaftlicher Lern- und Begegnungsgarten zu wachsen. Hier soll es ab der Gartensaison 2018 kunterbunte Bildungs- und Mitmachangebote f\u00fcr Gro\u00df und Klein unter freiem Himmel geben. Neben dem gemeinsamen G\u00e4rtnern in Hochbeeten darf auf dem \u00f6ffentlichen Platz auch Kreativit\u00e4t ausgelebt und gemeinsam gefeiert werden. Bislang geplante [&hellip;]<\/p>\n","protected":false},"author":1,"featured_media":334,"comment_status":"closed","ping_status":"closed","sticky":false,"template":"","format":"standard","meta":{"footnotes":""},"categories":[3,11],"tags":[19],"class_list":["post-333","post","type-post","status-publish","format-standard","has-post-thumbnail","hentry","category-essen","category-garten","tag-gartennetzwerk-potsdam"],"_links":{"self":[{"href":"http:\/\/transition-potsdam.de\/index.php?rest_route=\/wp\/v2\/posts\/333","targetHints":{"allow":["GET"]}}],"collection":[{"href":"http:\/\/transition-potsdam.de\/index.php?rest_route=\/wp\/v2\/posts"}],"about":[{"href":"http:\/\/transition-potsdam.de\/index.php?rest_route=\/wp\/v2\/types\/post"}],"author":[{"embeddable":true,"href":"http:\/\/transition-potsdam.de\/index.php?rest_route=\/wp\/v2\/users\/1"}],"replies":[{"embeddable":true,"href":"http:\/\/transition-potsdam.de\/index.php?rest_route=%2Fwp%2Fv2%2Fcomments&post=333"}],"version-history":[{"count":5,"href":"http:\/\/transition-potsdam.de\/index.php?rest_route=\/wp\/v2\/posts\/333\/revisions"}],"predecessor-version":[{"id":345,"href":"http:\/\/transition-potsdam.de\/index.php?rest_route=\/wp\/v2\/posts\/333\/revisions\/345"}],"wp:featuredmedia":[{"embeddable":true,"href":"http:\/\/transition-potsdam.de\/index.php?rest_route=\/wp\/v2\/media\/334"}],"wp:attachment":[{"href":"http:\/\/transition-potsdam.de\/index.php?rest_route=%2Fwp%2Fv2%2Fmedia&parent=333"}],"wp:term":[{"taxonomy":"category","embeddable":true,"href":"http:\/\/transition-potsdam.de\/index.php?rest_route=%2Fwp%2Fv2%2Fcategories&post=333"},{"taxonomy":"post_tag","embeddable":true,"href":"http:\/\/transition-potsdam.de\/index.php?rest_route=%2Fwp%2Fv2%2Ftags&post=333"}],"curies":[{"name":"wp","href":"https:\/\/api.w.org\/{rel}","templated":true}]}}