{"id":272,"date":"2016-07-04T21:02:27","date_gmt":"2016-07-04T21:02:27","guid":{"rendered":"http:\/\/transition-potsdam.de\/?p=272"},"modified":"2018-03-12T08:22:42","modified_gmt":"2018-03-12T08:22:42","slug":"integrationsgarten-grotrianstrasse-am-stern","status":"publish","type":"post","link":"http:\/\/transition-potsdam.de\/?p=272","title":{"rendered":"Integrationsgarten Grotrianstra\u00dfe (Am Stern)"},"content":{"rendered":"<p>Das Haus f\u00fcr den Wohnungsverbund Grotrianstra\u00dfe hat Pro Potsdam errichten lassen, die Stadt\u00a0mietet es. Elf der 20 Wohnungen in dem Geb\u00e4ude stehen f\u00fcr Gefl\u00fcchtete zur Verf\u00fcgung, die\u00a0T\u00fcr an T\u00fcr mit Potsdamerinnen und Potsdamern wohnen. Bis zu 45 Pl\u00e4tze sind somit entstanden.\u00a0Ein Integrationsgarten wurde im April 2015 er\u00f6ffnet. Tr\u00e4ger der Einrichtung ist der Internationale\u00a0Bund (IB).<\/p>\n<p>Die neu entstandene Gartenfl\u00e4che wird von den Bewohnern gemeinsam bearbeitet und ist eine\u00a0M\u00f6glichkeit f\u00fcr alle Bewohnerinnen und Bewohner, sich besser kennenzulernen.<\/p>\n<p>Wegen des Gartens am besten anrufen oder per E-Mail melden bei:<\/p>\n<p>Elena Nacarenus (Elena.Nacarenus@internationaler\u00adbund.de)<\/p>\n<p>Kristian Wefers (Kristian.Wefers@internationaler-bund.de)<\/p>\n<p>[geo_mashup_map]<\/p>\n","protected":false},"excerpt":{"rendered":"<p>Das Haus f\u00fcr den Wohnungsverbund Grotrianstra\u00dfe hat Pro Potsdam errichten lassen, die Stadt\u00a0mietet es. Elf der 20 Wohnungen in dem Geb\u00e4ude stehen f\u00fcr Gefl\u00fcchtete zur Verf\u00fcgung, die\u00a0T\u00fcr an T\u00fcr mit Potsdamerinnen und Potsdamern wohnen. Bis zu 45 Pl\u00e4tze sind somit entstanden.\u00a0Ein Integrationsgarten wurde im April 2015 er\u00f6ffnet. Tr\u00e4ger der Einrichtung ist der Internationale\u00a0Bund (IB). Die [&hellip;]<\/p>\n","protected":false},"author":1,"featured_media":0,"comment_status":"closed","ping_status":"closed","sticky":false,"template":"","format":"standard","meta":{"footnotes":""},"categories":[1,11],"tags":[19],"class_list":["post-272","post","type-post","status-publish","format-standard","hentry","category-blog","category-garten","tag-gartennetzwerk-potsdam"],"_links":{"self":[{"href":"http:\/\/transition-potsdam.de\/index.php?rest_route=\/wp\/v2\/posts\/272","targetHints":{"allow":["GET"]}}],"collection":[{"href":"http:\/\/transition-potsdam.de\/index.php?rest_route=\/wp\/v2\/posts"}],"about":[{"href":"http:\/\/transition-potsdam.de\/index.php?rest_route=\/wp\/v2\/types\/post"}],"author":[{"embeddable":true,"href":"http:\/\/transition-potsdam.de\/index.php?rest_route=\/wp\/v2\/users\/1"}],"replies":[{"embeddable":true,"href":"http:\/\/transition-potsdam.de\/index.php?rest_route=%2Fwp%2Fv2%2Fcomments&post=272"}],"version-history":[{"count":3,"href":"http:\/\/transition-potsdam.de\/index.php?rest_route=\/wp\/v2\/posts\/272\/revisions"}],"predecessor-version":[{"id":326,"href":"http:\/\/transition-potsdam.de\/index.php?rest_route=\/wp\/v2\/posts\/272\/revisions\/326"}],"wp:attachment":[{"href":"http:\/\/transition-potsdam.de\/index.php?rest_route=%2Fwp%2Fv2%2Fmedia&parent=272"}],"wp:term":[{"taxonomy":"category","embeddable":true,"href":"http:\/\/transition-potsdam.de\/index.php?rest_route=%2Fwp%2Fv2%2Fcategories&post=272"},{"taxonomy":"post_tag","embeddable":true,"href":"http:\/\/transition-potsdam.de\/index.php?rest_route=%2Fwp%2Fv2%2Ftags&post=272"}],"curies":[{"name":"wp","href":"https:\/\/api.w.org\/{rel}","templated":true}]}}