{"id":263,"date":"2016-07-04T20:35:25","date_gmt":"2016-07-04T20:35:25","guid":{"rendered":"http:\/\/transition-potsdam.de\/?p=263"},"modified":"2018-03-12T08:23:28","modified_gmt":"2018-03-12T08:23:28","slug":"seegarten-am-treffpunkt-freizeit","status":"publish","type":"post","link":"http:\/\/transition-potsdam.de\/?p=263","title":{"rendered":"Seegarten am Treffpunkt Freizeit"},"content":{"rendered":"<p>Anfang 2014 kamen, initiiert unter anderem von der BUNDjugend Brandenburg, einige\u00a0Personen zusammen, um am Treffpunkt Freizeit einen kleinen Gemeinschaftsgarten zu\u00a0gr\u00fcnden. So fand im Fr\u00fchling 2014 der erste Spatenstich statt, es wurden Beete geschaffen\u00a0und au\u00dferdem mobile Pflanzm\u00f6glichkeiten. Nun (Anfang 2016) sind wir 8 Familien, die\u00a0zusammen g\u00e4rtnern und ihre Freizeit verbringen. Jede Familien hat ein eigenes kleines Beet\u00a0und dazu gibt es einige Gemeinschaftsbereiche: gemeinschaftlicher Heckenstreifen nach\u00a0Permakultur-Konzept mit Beerenstr\u00e4uchern und Birnenspalier, gemeinsames H\u00fcgelbeet,\u00a0gemeinsamer Kompost, Werkzeugschuppen mit Dachbegr\u00fcnung, bepflanzte \u201emobile\u201c\u00a0Elemente wie Reiss\u00e4cke, alte Badewanne, B\u00e4ckerkisten, dazu zwei Hochbeete und ein\u00a0Fr\u00fchbeet. Die Wasserversorgung ist \u00fcber einen Regenwassertank gew\u00e4hrleistet. Nach und\u00a0nach m\u00f6chten wir immer mehr Elemente der Permakultur im Garten umsetzen und so einen\u00a0Kreislauf schaffen und nachhaltig g\u00e4rtnern. In den letzten zwei Jahren fanden au\u00dferdem\u00a0Umweltbildungsveranstaltungen mit Kindern statt (\u201eGartenpiraten\u201c) und seit 2015 imkern\u00a0wir auf dem Gel\u00e4nde. Perspektivisch m\u00f6chten wir zum Thema Bienen ebenfalls\u00a0Umweltbildungsveranstaltungen durchf\u00fchren. 2014 haben wir den Klimapreis der Stadt\u00a0Potsdam gewonnen.<\/p>\n<p><strong>Gr\u00f6\u00dfe der Fl\u00e4che:\u00a0<\/strong>Grob gesch\u00e4tzt ca. 300 qm<\/p>\n<p><strong>Beginn des Projekts:<\/strong>\u00a0Februar 2014<\/p>\n<p><strong>Wie viele Personen machen mit?\u00a0<\/strong>33 (inkl. Kinder)<\/p>\n<p><strong>Hauptthemen:<\/strong>\u00a0\u00d6kologisches G\u00e4rtnern, Permakultur, Kompost, Bienen<\/p>\n<p><strong>Kontaktperson\/Ansprechpartner:\u00a0<\/strong>Es gibt keine benannte Ansprechperson. Kontakt kann aber gerne \u00fcber Larissa Donges\u00a0(larissa.donges@googlemail.com\u00a0) laufen.<\/p>\n<p><strong>Adresse:\u00a0<\/strong>Treffpunkt Freizeit, Am Neuen Garten 64, 14469 Potsdam<\/p>\n<p><strong>offene Gartenzeit, regelm\u00e4\u00dfige Treffen:<\/strong>\u00a0Das Gel\u00e4nde ist offen zug\u00e4nglich. Jede*r kommt, wenn es gerade passt. Gerade im Sommer\u00a0gibt es auch verabredete Gemeinschaftstreffen.<\/p>\n<p><span style=\"color: #000000;\">Web: <a href=\"https:\/\/seegarten.wordpress.com\/\" target=\"_blank\"><span style=\"color: #000000;\">www.seegarten.wordpress.<wbr \/>com<\/span><\/a><\/span><\/p>\n<p>[geo_mashup_map]<\/p>\n","protected":false},"excerpt":{"rendered":"<p>Anfang 2014 kamen, initiiert unter anderem von der BUNDjugend Brandenburg, einige\u00a0Personen zusammen, um am Treffpunkt Freizeit einen kleinen Gemeinschaftsgarten zu\u00a0gr\u00fcnden. So fand im Fr\u00fchling 2014 der erste Spatenstich statt, es wurden Beete geschaffen\u00a0und au\u00dferdem mobile Pflanzm\u00f6glichkeiten. Nun (Anfang 2016) sind wir 8 Familien, die\u00a0zusammen g\u00e4rtnern und ihre Freizeit verbringen. Jede Familien hat ein eigenes kleines [&hellip;]<\/p>\n","protected":false},"author":1,"featured_media":264,"comment_status":"closed","ping_status":"closed","sticky":false,"template":"","format":"standard","meta":{"footnotes":""},"categories":[3,11],"tags":[19],"class_list":["post-263","post","type-post","status-publish","format-standard","has-post-thumbnail","hentry","category-essen","category-garten","tag-gartennetzwerk-potsdam"],"_links":{"self":[{"href":"http:\/\/transition-potsdam.de\/index.php?rest_route=\/wp\/v2\/posts\/263","targetHints":{"allow":["GET"]}}],"collection":[{"href":"http:\/\/transition-potsdam.de\/index.php?rest_route=\/wp\/v2\/posts"}],"about":[{"href":"http:\/\/transition-potsdam.de\/index.php?rest_route=\/wp\/v2\/types\/post"}],"author":[{"embeddable":true,"href":"http:\/\/transition-potsdam.de\/index.php?rest_route=\/wp\/v2\/users\/1"}],"replies":[{"embeddable":true,"href":"http:\/\/transition-potsdam.de\/index.php?rest_route=%2Fwp%2Fv2%2Fcomments&post=263"}],"version-history":[{"count":6,"href":"http:\/\/transition-potsdam.de\/index.php?rest_route=\/wp\/v2\/posts\/263\/revisions"}],"predecessor-version":[{"id":305,"href":"http:\/\/transition-potsdam.de\/index.php?rest_route=\/wp\/v2\/posts\/263\/revisions\/305"}],"wp:featuredmedia":[{"embeddable":true,"href":"http:\/\/transition-potsdam.de\/index.php?rest_route=\/wp\/v2\/media\/264"}],"wp:attachment":[{"href":"http:\/\/transition-potsdam.de\/index.php?rest_route=%2Fwp%2Fv2%2Fmedia&parent=263"}],"wp:term":[{"taxonomy":"category","embeddable":true,"href":"http:\/\/transition-potsdam.de\/index.php?rest_route=%2Fwp%2Fv2%2Fcategories&post=263"},{"taxonomy":"post_tag","embeddable":true,"href":"http:\/\/transition-potsdam.de\/index.php?rest_route=%2Fwp%2Fv2%2Ftags&post=263"}],"curies":[{"name":"wp","href":"https:\/\/api.w.org\/{rel}","templated":true}]}}