{"id":225,"date":"2016-07-04T12:06:33","date_gmt":"2016-07-04T12:06:33","guid":{"rendered":"http:\/\/transition-potsdam.de\/?p=225"},"modified":"2018-03-12T08:30:14","modified_gmt":"2018-03-12T08:30:14","slug":"integrationsgarten-und-internationaler-schulgarten-potsdam","status":"publish","type":"post","link":"http:\/\/transition-potsdam.de\/?p=225","title":{"rendered":"Integrationsgarten und Internationaler Schulgarten Potsdam"},"content":{"rendered":"<p><strong><span style=\"font-size: 1rem;\">Info:\u00a0<\/span><\/strong><span style=\"line-height: 1.71429; font-size: 1rem;\">Die Idee, einen Nachbarschaftsgarten zu gr\u00fcnden, stammte von Potsdamer MigrantInnen. Denn\u00a0zur Heimat im Herkunftsland geh\u00f6rte f\u00fcr viele Zuwanderer buchst\u00e4blich ein St\u00fcck Erde dazu.<\/span><\/p>\n<p>Der Integrations\u00ad- und Internationale Schulgarten am Schlaatz ankert wie eine exotische Inseln,\u00a0eingebettet in Mitten von Schulen, KITA\u2019s, Wohnh\u00e4usern, Sport\u00ad und Spielpl\u00e4tzen, am Ufer der\u00a0Nuthe. Beim Betreten der Insel offenbart sich dem Besucher das Fleckchen Erde als Fenster in die\u00a0Vielfalt und Einzigartigkeit der multikulturellen Welt.<\/p>\n<p>Hier trefft man Menschen aus Deutschland, der Ukraine, Moldawien, dem Kosovo, Vietnam,\u00a0Russland, Ungarn, Litauen, Rum\u00e4nien und Afrika.<\/p>\n<p><strong>Ansprechpartnerin:<\/strong> Carla Villwock<\/p>\n<p><strong>Adresse:<\/strong> Schilfhof 25, 14478 Potsdam<\/p>\n<p><strong>Tel:<\/strong> 0331 291570<\/p>\n<p><strong>Mail:<\/strong> carla.villwock@kulturbund.de<\/p>\n<p><strong>Web:<\/strong> <span style=\"color: #000000;\"><a href=\"http:\/\/www.schlaatz.de\/einrichtung\/integrationsgarten-am-schlaatz\" target=\"_blank\"><span style=\"color: #000000;\">www.schlaatz.de\/einrichtung\/integrationsgarten-am-schlaatz<\/span><\/a>\u00a0|\u00a0<a href=\"https:\/\/www.facebook.com\/IntegrationsgartenSchlaatz\/?fref=ts\" target=\"_blank\"><span style=\"color: #000000;\">www.facebook.com\/IntegrationsgartenSchlaatz<\/span><\/a><\/span><\/p>\n<p><a href=\"http:\/\/transition-potsdam.de\/wp-content\/uploads\/2016\/07\/13244177_649312338557807_8471165295979819375_o.jpg\">[geo_mashup_map]<\/a><\/p>\n","protected":false},"excerpt":{"rendered":"<p>Info:\u00a0Die Idee, einen Nachbarschaftsgarten zu gr\u00fcnden, stammte von Potsdamer MigrantInnen. Denn\u00a0zur Heimat im Herkunftsland geh\u00f6rte f\u00fcr viele Zuwanderer buchst\u00e4blich ein St\u00fcck Erde dazu. Der Integrations\u00ad- und Internationale Schulgarten am Schlaatz ankert wie eine exotische Inseln,\u00a0eingebettet in Mitten von Schulen, KITA\u2019s, Wohnh\u00e4usern, Sport\u00ad und Spielpl\u00e4tzen, am Ufer der\u00a0Nuthe. Beim Betreten der Insel offenbart sich dem Besucher [&hellip;]<\/p>\n","protected":false},"author":1,"featured_media":228,"comment_status":"closed","ping_status":"closed","sticky":false,"template":"","format":"standard","meta":{"footnotes":""},"categories":[3,11],"tags":[19],"class_list":["post-225","post","type-post","status-publish","format-standard","has-post-thumbnail","hentry","category-essen","category-garten","tag-gartennetzwerk-potsdam"],"_links":{"self":[{"href":"http:\/\/transition-potsdam.de\/index.php?rest_route=\/wp\/v2\/posts\/225","targetHints":{"allow":["GET"]}}],"collection":[{"href":"http:\/\/transition-potsdam.de\/index.php?rest_route=\/wp\/v2\/posts"}],"about":[{"href":"http:\/\/transition-potsdam.de\/index.php?rest_route=\/wp\/v2\/types\/post"}],"author":[{"embeddable":true,"href":"http:\/\/transition-potsdam.de\/index.php?rest_route=\/wp\/v2\/users\/1"}],"replies":[{"embeddable":true,"href":"http:\/\/transition-potsdam.de\/index.php?rest_route=%2Fwp%2Fv2%2Fcomments&post=225"}],"version-history":[{"count":5,"href":"http:\/\/transition-potsdam.de\/index.php?rest_route=\/wp\/v2\/posts\/225\/revisions"}],"predecessor-version":[{"id":255,"href":"http:\/\/transition-potsdam.de\/index.php?rest_route=\/wp\/v2\/posts\/225\/revisions\/255"}],"wp:featuredmedia":[{"embeddable":true,"href":"http:\/\/transition-potsdam.de\/index.php?rest_route=\/wp\/v2\/media\/228"}],"wp:attachment":[{"href":"http:\/\/transition-potsdam.de\/index.php?rest_route=%2Fwp%2Fv2%2Fmedia&parent=225"}],"wp:term":[{"taxonomy":"category","embeddable":true,"href":"http:\/\/transition-potsdam.de\/index.php?rest_route=%2Fwp%2Fv2%2Fcategories&post=225"},{"taxonomy":"post_tag","embeddable":true,"href":"http:\/\/transition-potsdam.de\/index.php?rest_route=%2Fwp%2Fv2%2Ftags&post=225"}],"curies":[{"name":"wp","href":"https:\/\/api.w.org\/{rel}","templated":true}]}}